{"id":1183,"date":"2019-06-19T13:53:58","date_gmt":"2019-06-19T13:53:58","guid":{"rendered":"http:\/\/lepetitjournaldemapharmacie.fr\/?p=1183"},"modified":"2019-07-22T09:27:21","modified_gmt":"2019-07-22T09:27:21","slug":"cette-semaine-etude-sur-le-marche-de-lhygiene-intime","status":"publish","type":"post","link":"https:\/\/lepetitjournaldemapharmacie.fr\/index.php\/2019\/06\/19\/cette-semaine-etude-sur-le-marche-de-lhygiene-intime\/","title":{"rendered":"Etude sur le march\u00e9 de l&rsquo;hygi\u00e8ne intime"},"content":{"rendered":"\n<p><em>Le&nbsp; march\u00e9 de la protection intime est un march\u00e9\nqui est peu travaill\u00e9 en pharmacie, et pourtant c\u2019est un march\u00e9 tr\u00e8s dynamique\ncomme le montre l\u2019\u00e9tude.<\/em><\/p>\n\n\n\n<p><em>L\u2019\u00e9poque\nest au bio et au naturel. <\/em><\/p>\n\n\n\n<p><em>Le\nmarch\u00e9 est port\u00e9 par les marques en coton bio&nbsp;: Unique,&nbsp; <\/em><em>masmi<\/em><em>.<\/em><em>.<\/em><em>.\nDes <\/em><em>produits\ndont on dit qu\u2019ils sont <\/em><em>naturels.<\/em><\/p>\n\n\n\n<p><em>Cependant, il n\u2019existe aucune gamme : \u00ab&nbsp;sans perturbateurs endocriniens&nbsp;\u00bb car Bio ne veut pas dire sans perturbateurs Endocriniens&nbsp;. Ce nouveau march\u00e9 est une opportunit\u00e9 de d\u00e9veloppement pour la pharmacie car il est sur son territoire marketing c\u2019est \u00e0 dire La sant\u00e9.<\/em><\/p>\n\n\n\n<h2 class=\"wp-block-heading\">L&rsquo;hygi\u00e8ne intime<\/h2>\n\n\n\n<h4 class=\"wp-block-heading\"><em><strong>Cette \u00e9tude est \u00e9galement disponible\u00a0<\/strong><\/em><a href=\"https:\/\/lepetitjournaldemapharmacie.fr\/wp-content\/uploads\/2019\/06\/2019-05-09-MARCHE-HYGIENE-INTIME.pdf\" target=\"_blank\" rel=\"noreferrer noopener\" aria-label=\"au format pdf. (s\u2019ouvre dans un nouvel onglet)\">au format pdf.<\/a><\/h4>\n\n\n\n<h3 class=\"wp-block-heading\"><strong>Le March\u00e9<\/strong><\/h3>\n\n\n\n<figure class=\"wp-block-image\"><img loading=\"lazy\" decoding=\"async\" width=\"312\" height=\"668\" src=\"https:\/\/lepetitjournaldemapharmacie.fr\/wp-content\/uploads\/2019\/06\/hygiene-1.png\" alt=\"\" class=\"wp-image-1185\" srcset=\"https:\/\/lepetitjournaldemapharmacie.fr\/wp-content\/uploads\/2019\/06\/hygiene-1.png 312w, https:\/\/lepetitjournaldemapharmacie.fr\/wp-content\/uploads\/2019\/06\/hygiene-1-140x300.png 140w\" sizes=\"(max-width: 312px) 100vw, 312px\" \/><\/figure>\n\n\n\n<p> Nous avons pris en compte le march\u00e9 des Tampons, serviettes et Prot\u00e8ges slip. Dans ce march\u00e9, il y a 23 laboratoires qui commercialisent au total 253 produits. <\/p>\n\n\n\n<p>Sur la p\u00e9riode de Juin 2018 \u00e0 Mai 2019, ce march\u00e9 a \u00e9volu\u00e9 de : <\/p>\n\n\n\n<p>+ 11,5 % en valeur  <\/p>\n\n\n\n<p>+ 13,2 %&nbsp; en volume <\/p>\n\n\n\n<p>Le march\u00e9 est dynamique, <strong>qui sont les gagnants, qui sont les perdants ? <\/strong><\/p>\n\n\n\n<h2 class=\"wp-block-heading\"> PDM et \u00e9volution en volume<\/h2>\n\n\n\n<figure class=\"wp-block-image\"><img loading=\"lazy\" decoding=\"async\" width=\"926\" height=\"412\" src=\"https:\/\/lepetitjournaldemapharmacie.fr\/wp-content\/uploads\/2019\/06\/hygiene-2.png\" alt=\"\" class=\"wp-image-1186\" srcset=\"https:\/\/lepetitjournaldemapharmacie.fr\/wp-content\/uploads\/2019\/06\/hygiene-2.png 926w, https:\/\/lepetitjournaldemapharmacie.fr\/wp-content\/uploads\/2019\/06\/hygiene-2-300x133.png 300w, https:\/\/lepetitjournaldemapharmacie.fr\/wp-content\/uploads\/2019\/06\/hygiene-2-768x342.png 768w\" sizes=\"(max-width: 926px) 100vw, 926px\" \/><\/figure>\n\n\n\n<p> <\/p>\n\n\n\n<p> 5 laboratoires sur 17 dominent le march\u00e9:<\/p>\n\n\n\n<ul><li>Diapason<\/li><li>Mylan<\/li><li>Iprad<\/li><li>Johnson<\/li><li>Procter <\/li><\/ul>\n\n\n\n<ul class=\"wp-block-gallery columns-1 is-cropped wp-block-gallery-1 is-layout-flex wp-block-gallery-is-layout-flex\"><li class=\"blocks-gallery-item\"><figure><img loading=\"lazy\" decoding=\"async\" width=\"933\" height=\"431\" src=\"https:\/\/lepetitjournaldemapharmacie.fr\/wp-content\/uploads\/2019\/06\/hygiene-3.png\" alt=\"\" data-id=\"1187\" data-link=\"https:\/\/lepetitjournaldemapharmacie.fr\/?attachment_id=1187\" class=\"wp-image-1187\" srcset=\"https:\/\/lepetitjournaldemapharmacie.fr\/wp-content\/uploads\/2019\/06\/hygiene-3.png 933w, https:\/\/lepetitjournaldemapharmacie.fr\/wp-content\/uploads\/2019\/06\/hygiene-3-300x139.png 300w, https:\/\/lepetitjournaldemapharmacie.fr\/wp-content\/uploads\/2019\/06\/hygiene-3-768x355.png 768w\" sizes=\"(max-width: 933px) 100vw, 933px\" \/><\/figure><\/li><\/ul>\n\n\n\n<p>L\u2019\u00e9volution de leur activit\u00e9 en volume indique:\n<\/p>\n\n\n\n<p>La\ncroissance \u00e0 2 chiffres de <\/p>\n\n\n\n<ul><li>Iprad<\/li><\/ul>\n\n\n\n<ul><li>Diapason <\/li><\/ul>\n\n\n\n<ul><li>Mylan&nbsp; <\/li><\/ul>\n\n\n\n<p>On constate la d\u00e9croissance de J&amp;J<\/p>\n\n\n\n<h2 class=\"wp-block-heading\">PDM par march\u00e9<\/h2>\n\n\n\n<figure class=\"wp-block-image\"><img loading=\"lazy\" decoding=\"async\" width=\"1024\" height=\"505\" src=\"https:\/\/lepetitjournaldemapharmacie.fr\/wp-content\/uploads\/2019\/06\/hygiene-4-1024x505.png\" alt=\"\" class=\"wp-image-1188\" srcset=\"https:\/\/lepetitjournaldemapharmacie.fr\/wp-content\/uploads\/2019\/06\/hygiene-4.png 1024w, https:\/\/lepetitjournaldemapharmacie.fr\/wp-content\/uploads\/2019\/06\/hygiene-4-300x148.png 300w, https:\/\/lepetitjournaldemapharmacie.fr\/wp-content\/uploads\/2019\/06\/hygiene-4-768x379.png 768w\" sizes=\"(max-width: 1024px) 100vw, 1024px\" \/><\/figure>\n\n\n\n<p>Le march\u00e9 de l\u2019hygi\u00e8ne intime comporte<strong> 2 sous-march\u00e9s:<\/strong> <\/p>\n\n\n\n<ul><li>59% pour les serviettes et protections <\/li><li>41% pour les tampons  <\/li><\/ul>\n\n\n\n<h2 class=\"wp-block-heading\">La PDM des laboratoires et \u00e9volution<\/h2>\n\n\n\n<figure class=\"wp-block-image\"><img loading=\"lazy\" decoding=\"async\" width=\"1024\" height=\"201\" src=\"https:\/\/lepetitjournaldemapharmacie.fr\/wp-content\/uploads\/2019\/06\/hygiene-5-1024x201.png\" alt=\"\" class=\"wp-image-1189\" srcset=\"https:\/\/lepetitjournaldemapharmacie.fr\/wp-content\/uploads\/2019\/06\/hygiene-5-1024x201.png 1024w, https:\/\/lepetitjournaldemapharmacie.fr\/wp-content\/uploads\/2019\/06\/hygiene-5-300x59.png 300w, https:\/\/lepetitjournaldemapharmacie.fr\/wp-content\/uploads\/2019\/06\/hygiene-5-768x150.png 768w, https:\/\/lepetitjournaldemapharmacie.fr\/wp-content\/uploads\/2019\/06\/hygiene-5.png 1480w\" sizes=\"(max-width: 1024px) 100vw, 1024px\" \/><\/figure>\n\n\n\n<p>Nous avons isol\u00e9 les 7 premiers laboratoires : Ils font plus de 90% des quantit\u00e9s vendues<\/p>\n\n\n\n<p>On constate: <\/p>\n\n\n\n<ul><li>Les fortes croissances des labo challengers: Iprad, Mylan et Diapason  <\/li><\/ul>\n\n\n\n<ul><li>1 laboratoire g\u00e9n\u00e9rique Mylan  <\/li><\/ul>\n\n\n\n<h2 class=\"wp-block-heading\">La marge et la Distribution num\u00e9rique (DN)<\/h2>\n\n\n\n<figure class=\"wp-block-image\"><img loading=\"lazy\" decoding=\"async\" width=\"1024\" height=\"225\" src=\"https:\/\/lepetitjournaldemapharmacie.fr\/wp-content\/uploads\/2019\/06\/hygiene-6-1024x225.png\" alt=\"\" class=\"wp-image-1190\" srcset=\"https:\/\/lepetitjournaldemapharmacie.fr\/wp-content\/uploads\/2019\/06\/hygiene-6-1024x225.png 1024w, https:\/\/lepetitjournaldemapharmacie.fr\/wp-content\/uploads\/2019\/06\/hygiene-6-300x66.png 300w, https:\/\/lepetitjournaldemapharmacie.fr\/wp-content\/uploads\/2019\/06\/hygiene-6-768x169.png 768w, https:\/\/lepetitjournaldemapharmacie.fr\/wp-content\/uploads\/2019\/06\/hygiene-6.png 1547w\" sizes=\"(max-width: 1024px) 100vw, 1024px\" \/><figcaption> <br><\/figcaption><\/figure>\n\n\n\n<p>La marge sur facture est de 39% en moyenne. <\/p>\n\n\n\n<ul><li>71% c\u2019est le meilleur taux de DN qui est d\u00e9tenu par J&amp;J <\/li><li>49% c\u2019est le meilleur taux de marge qui est constat\u00e9 sur Procter <\/li><li>165\u20ac de CA en moyenne par pharmacie pour J&amp;J  <\/li><\/ul>\n\n\n\n<h2 class=\"wp-block-heading\"><strong>Dynamique&nbsp;du&nbsp;march\u00e9<\/strong><\/h2>\n\n\n\n<figure class=\"wp-block-image\"><img loading=\"lazy\" decoding=\"async\" width=\"1024\" height=\"557\" src=\"https:\/\/lepetitjournaldemapharmacie.fr\/wp-content\/uploads\/2019\/06\/hygiene-7-1024x557.png\" alt=\"\" class=\"wp-image-1191\" srcset=\"https:\/\/lepetitjournaldemapharmacie.fr\/wp-content\/uploads\/2019\/06\/hygiene-7-1024x557.png 1024w, https:\/\/lepetitjournaldemapharmacie.fr\/wp-content\/uploads\/2019\/06\/hygiene-7-300x163.png 300w, https:\/\/lepetitjournaldemapharmacie.fr\/wp-content\/uploads\/2019\/06\/hygiene-7-768x417.png 768w, https:\/\/lepetitjournaldemapharmacie.fr\/wp-content\/uploads\/2019\/06\/hygiene-7.png 1102w\" sizes=\"(max-width: 1024px) 100vw, 1024px\" \/><\/figure>\n\n\n\n<p>La\ndynamique du march\u00e9 permet de d\u00e9couvrir les tendances du moment en nombre\nd\u2019unit\u00e9s vendues <\/p>\n\n\n\n<p>-si un laboratoire annonce 30 % de PDM, est-ce qu\u2019il tient sa position toute l\u2019ann\u00e9e.<\/p>\n\n\n\n<p>-Sur le graphe, on constate les progressions de Mylan<\/p>\n\n\n\n<h2 class=\"wp-block-heading\"><strong>Hit parade des produits les plus vendus : les serviettes et protection <\/strong><\/h2>\n\n\n\n<figure class=\"wp-block-image\"><img loading=\"lazy\" decoding=\"async\" width=\"1024\" height=\"244\" src=\"https:\/\/lepetitjournaldemapharmacie.fr\/wp-content\/uploads\/2019\/06\/hygiene-8-1024x244.png\" alt=\"\" class=\"wp-image-1192\" srcset=\"https:\/\/lepetitjournaldemapharmacie.fr\/wp-content\/uploads\/2019\/06\/hygiene-8-1024x244.png 1024w, https:\/\/lepetitjournaldemapharmacie.fr\/wp-content\/uploads\/2019\/06\/hygiene-8-300x71.png 300w, https:\/\/lepetitjournaldemapharmacie.fr\/wp-content\/uploads\/2019\/06\/hygiene-8-768x183.png 768w, https:\/\/lepetitjournaldemapharmacie.fr\/wp-content\/uploads\/2019\/06\/hygiene-8.png 1490w\" sizes=\"(max-width: 1024px) 100vw, 1024px\" \/><\/figure>\n\n\n\n<p> Ce hit parade des ventes repr\u00e9sente le march\u00e9 et permet de savoir :<\/p>\n\n\n\n<p>Dans ce march\u00e9 les serviettes doivent occuper <strong>60 % du lin\u00e9aire<\/strong> <\/p>\n\n\n\n<ul><li>quels produits s\u00e9lectionner lors de la visite de votre d\u00e9l\u00e9gu\u00e9 <\/li><\/ul>\n\n\n\n<ul><li>les r\u00e9f\u00e9rences produits \u00e0 mettre en priorit\u00e9 dans votre officine  <\/li><\/ul>\n\n\n\n<h2 class=\"wp-block-heading\"><strong>Hit parade des produits les plus vendus&nbsp; : les tampons&nbsp; <\/strong><\/h2>\n\n\n\n<figure class=\"wp-block-image\"><img loading=\"lazy\" decoding=\"async\" width=\"1024\" height=\"308\" src=\"https:\/\/lepetitjournaldemapharmacie.fr\/wp-content\/uploads\/2019\/06\/hygiene-9-1024x308.png\" alt=\"\" class=\"wp-image-1193\" srcset=\"https:\/\/lepetitjournaldemapharmacie.fr\/wp-content\/uploads\/2019\/06\/hygiene-9-1024x308.png 1024w, https:\/\/lepetitjournaldemapharmacie.fr\/wp-content\/uploads\/2019\/06\/hygiene-9-300x90.png 300w, https:\/\/lepetitjournaldemapharmacie.fr\/wp-content\/uploads\/2019\/06\/hygiene-9-768x231.png 768w, https:\/\/lepetitjournaldemapharmacie.fr\/wp-content\/uploads\/2019\/06\/hygiene-9.png 1501w\" sizes=\"(max-width: 1024px) 100vw, 1024px\" \/><\/figure>\n\n\n\n<p> Ce hit parade des ventes repr\u00e9sente le march\u00e9 et permet de savoir <\/p>\n\n\n\n<p>Dans ce march\u00e9, les tampons doivent occuper <strong>40 % du lin\u00e9aire<\/strong> <\/p>\n\n\n\n<ul><li>quels produits s\u00e9lectionner lors de la visite de votre d\u00e9l\u00e9gu\u00e9 <\/li><li>les r\u00e9f\u00e9rences produits \u00e0 mettre en priorit\u00e9 dans votre officine  <\/li><\/ul>\n\n\n\n<h2 class=\"wp-block-heading\">Le coin du pharmacien<\/h2>\n\n\n\n<hr class=\"wp-block-separator\"\/>\n\n\n\n<p><em>5 conseils contre la s\u00e9cheresse intime&nbsp;<\/em><\/p>\n\n\n\n<p>La\ns\u00e8cheresse vaginale est un sujet tabou que l\u2019on a du mal \u00e0 aborder, m\u00eame avec\nson m\u00e9decin.<\/p>\n\n\n\n<p>Pourtant,\non estime que ce probl\u00e8me touche 1 femme sur 6 soit environ 11M de fran\u00e7aises.<\/p>\n\n\n\n<p>Si\ncette s\u00e8cheresse a des r\u00e9percussions physiques et peut provoquer de petites\nfuites urinaires et des infections en fragilisant la muqueuse, elle a surtout\ndes cons\u00e9quences psychologiques.<\/p>\n\n\n\n<p>En\ncas de s\u00e8cheresse vaginale, les rapports sexuels deviennent douloureux, ainsi\non a tendance \u00e0 les espacer pour \u00e9viter cet inconfort.<\/p>\n\n\n\n<p>Les\ncauses de cette s\u00e8cheresse sont multiples&nbsp;: une hygi\u00e8ne excessive, un\ntraitement m\u00e9dicamenteux, une infection mais aussi la grossesse, l\u2019allaitement\net la m\u00e9nopause.<\/p>\n\n\n\n<p>En\ncause donc les modifications hormonales surtout notamment \u00e0 la m\u00e9nopause.<\/p>\n\n\n\n<p>Pour\nlutter contre la s\u00e8cheresse vaginale, on peut prendre&nbsp;<strong>des\nhormones<\/strong>&nbsp;sous\nforme de cr\u00e8me, gel, capsules, ovules ou m\u00eame anneau vaginal.<\/p>\n\n\n\n<p>Il\nexiste aussi des cr\u00e8mes \u00e0&nbsp;<strong>l\u2019aloe <\/strong><strong>vera<\/strong><strong>&nbsp;<\/strong>aux\neffets&nbsp;<strong>hydratants et\nanti-inflammatoires.<\/strong><\/p>\n\n\n\n<p><strong>Les\nrapports sexuels<\/strong>&nbsp;cr\u00e9ent une lubrification naturelle\net lorsqu\u2019on en a moins celle-ci n\u2019est plus op\u00e9rante.<\/p>\n\n\n\n<p>On\npeut aussi consommer des&nbsp;<strong>probiotiques<\/strong>&nbsp;car\nla flore vaginale est issue de la flore intestinale qui l\u2019influence.<\/p>\n\n\n\n<p>Dans\nles cas les plus graves, cancer notamment, des s\u00e9ances de stimulation au laser\npeuvent \u00eatre propos\u00e9es.<\/p>\n\n\n\n<p>Demandez conseil \u00e0 votre pharmacien.<\/p>\n\n\n\n<p><\/p>\n\n\n\n<p><em>Ce dossier a \u00e9t\u00e9 r\u00e9alis\u00e9 \u00e0 partir des donn\u00e9es de la base de donn\u00e9es OffiSant\u00e9. Toutes les donn\u00e9es sont r\u00e9elles et non-extrapol\u00e9es<\/em><\/p>\n\n\n\n<p><em>Pour coller au plus pr\u00e8s de l\u2019actualit\u00e9, tous les r\u00e9sultats sont produits en date de fin du mois pr\u00e9c\u00e9dent<\/em><\/p>\n\n\n\n<p><em>Ce dossier a \u00e9t\u00e9 r\u00e9alis\u00e9 par <strong>Maurice Belais<\/strong>, Pr\u00e9sident de OffiSant\u00e9 SAS; Charg\u00e9 d\u2019enseignement en marketing HEC &amp;IAE Gustave Eiffel \u2022 <strong>Chama BENNANI<\/strong> Assistante marketing Digital \u2022<\/em><\/p>\n","protected":false},"excerpt":{"rendered":"<p>Le&nbsp; march\u00e9 de la protection intime est un march\u00e9 qui est peu travaill\u00e9 en pharmacie, et pourtant c\u2019est un march\u00e9<\/p>\n","protected":false},"author":2,"featured_media":1196,"comment_status":"open","ping_status":"open","sticky":false,"template":"","format":"standard","meta":{"footnotes":""},"categories":[321,58,122,1],"tags":[130,330,334,322,344,345,340,341,103,324,346,331,10,131,335,343,132,328,339,333,325,329,337,125,327,336,326,332],"acf":[],"rttpg_featured_image_url":{"full":["https:\/\/lepetitjournaldemapharmacie.fr\/wp-content\/uploads\/2019\/06\/HYGIENE-INTIME.png",1087,424,false],"landscape":["https:\/\/lepetitjournaldemapharmacie.fr\/wp-content\/uploads\/2019\/06\/HYGIENE-INTIME.png",1087,424,false],"portraits":["https:\/\/lepetitjournaldemapharmacie.fr\/wp-content\/uploads\/2019\/06\/HYGIENE-INTIME.png",1087,424,false],"thumbnail":["https:\/\/lepetitjournaldemapharmacie.fr\/wp-content\/uploads\/2019\/06\/HYGIENE-INTIME-150x150.png",150,150,true],"medium":["https:\/\/lepetitjournaldemapharmacie.fr\/wp-content\/uploads\/2019\/06\/HYGIENE-INTIME-300x117.png",300,117,true],"large":["https:\/\/lepetitjournaldemapharmacie.fr\/wp-content\/uploads\/2019\/06\/HYGIENE-INTIME-1024x399.png",910,355,true],"1536x1536":["https:\/\/lepetitjournaldemapharmacie.fr\/wp-content\/uploads\/2019\/06\/HYGIENE-INTIME.png",1087,424,false],"2048x2048":["https:\/\/lepetitjournaldemapharmacie.fr\/wp-content\/uploads\/2019\/06\/HYGIENE-INTIME.png",1087,424,false],"post-thumbnail":["https:\/\/lepetitjournaldemapharmacie.fr\/wp-content\/uploads\/2019\/06\/HYGIENE-INTIME.png",1087,424,false],"donovan-list-post":["https:\/\/lepetitjournaldemapharmacie.fr\/wp-content\/uploads\/2019\/06\/HYGIENE-INTIME-600x424.png",600,424,true]},"rttpg_author":{"display_name":"Le petit journal","author_link":"https:\/\/lepetitjournaldemapharmacie.fr\/index.php\/author\/petitgarage\/"},"rttpg_comment":0,"rttpg_category":"<a href=\"https:\/\/lepetitjournaldemapharmacie.fr\/index.php\/category\/hygiene-intime\/\" rel=\"category tag\">hygiene intime<\/a> <a href=\"https:\/\/lepetitjournaldemapharmacie.fr\/index.php\/category\/pharmacie\/\" rel=\"category tag\">Pharmacie<\/a> <a href=\"https:\/\/lepetitjournaldemapharmacie.fr\/index.php\/category\/secheresse-intime\/\" rel=\"category tag\">s\u00e9cheresse intime<\/a> <a href=\"https:\/\/lepetitjournaldemapharmacie.fr\/index.php\/category\/uncategorized\/\" rel=\"category tag\">Uncategorized<\/a>","rttpg_excerpt":"Le&nbsp; march\u00e9 de la protection intime est un march\u00e9 qui est peu travaill\u00e9 en pharmacie, et pourtant c\u2019est un march\u00e9","_links":{"self":[{"href":"https:\/\/lepetitjournaldemapharmacie.fr\/index.php\/wp-json\/wp\/v2\/posts\/1183"}],"collection":[{"href":"https:\/\/lepetitjournaldemapharmacie.fr\/index.php\/wp-json\/wp\/v2\/posts"}],"about":[{"href":"https:\/\/lepetitjournaldemapharmacie.fr\/index.php\/wp-json\/wp\/v2\/types\/post"}],"author":[{"embeddable":true,"href":"https:\/\/lepetitjournaldemapharmacie.fr\/index.php\/wp-json\/wp\/v2\/users\/2"}],"replies":[{"embeddable":true,"href":"https:\/\/lepetitjournaldemapharmacie.fr\/index.php\/wp-json\/wp\/v2\/comments?post=1183"}],"version-history":[{"count":6,"href":"https:\/\/lepetitjournaldemapharmacie.fr\/index.php\/wp-json\/wp\/v2\/posts\/1183\/revisions"}],"predecessor-version":[{"id":1290,"href":"https:\/\/lepetitjournaldemapharmacie.fr\/index.php\/wp-json\/wp\/v2\/posts\/1183\/revisions\/1290"}],"wp:featuredmedia":[{"embeddable":true,"href":"https:\/\/lepetitjournaldemapharmacie.fr\/index.php\/wp-json\/wp\/v2\/media\/1196"}],"wp:attachment":[{"href":"https:\/\/lepetitjournaldemapharmacie.fr\/index.php\/wp-json\/wp\/v2\/media?parent=1183"}],"wp:term":[{"taxonomy":"category","embeddable":true,"href":"https:\/\/lepetitjournaldemapharmacie.fr\/index.php\/wp-json\/wp\/v2\/categories?post=1183"},{"taxonomy":"post_tag","embeddable":true,"href":"https:\/\/lepetitjournaldemapharmacie.fr\/index.php\/wp-json\/wp\/v2\/tags?post=1183"}],"curies":[{"name":"wp","href":"https:\/\/api.w.org\/{rel}","templated":true}]}}