{"id":1631,"date":"2020-05-15T15:36:17","date_gmt":"2020-05-15T13:36:17","guid":{"rendered":"http:\/\/lepetitjournaldemapharmacie.fr\/?p=1631"},"modified":"2023-09-07T11:48:08","modified_gmt":"2023-09-07T09:48:08","slug":"le-marche-de-la-location-et-du-mad-comparaison-2019-2020","status":"publish","type":"post","link":"https:\/\/lepetitjournaldemapharmacie.fr\/index.php\/2020\/05\/15\/le-marche-de-la-location-et-du-mad-comparaison-2019-2020\/","title":{"rendered":"Le march\u00e9 de la location et du MAD: comparaison 2019-2020"},"content":{"rendered":"\n<p>Vous\nnous avez questionn\u00e9 pour avoir plus d\u2019informations sur le march\u00e9 de la MAD.<\/p>\n\n\n\n<p>La\ncomparaison entre 2020 et 2019 nous procure plusieurs enseignements&nbsp;: <\/p>\n\n\n\n<ul><li>Le march\u00e9 a\nprogress\u00e9 de <strong>14% en valeur<\/strong><\/li><li>2 march\u00e9s\ntirent cette croissance&nbsp;: les locations de lits et matelas (+ 20%) et les\nlocations de fauteuils roulants +&nbsp;33% <\/li><\/ul>\n\n\n\n<p>C\u2019est\nimportant pour l\u2019avenir, car cela nous indique que c\u2019est un secteur en devenir.\nTous les services autour de la location temporaire et du d\u00e9pannage sont des\nopportunit\u00e9s pour d\u00e9velopper et amplifier la relation clients. Pourquoi ne pas\nouvrir un march\u00e9 de l\u2019occasion et recycler les cannes et autres produits qui\nsont dans nos caves&nbsp;??<\/p>\n\n\n\n<p>Depuis\n2 mois, nous avons publi\u00e9 5 fois par semaine un article dans le Petit journal\nde la pharmacie. Nous vous remercions de nous avoir suivi durant cette p\u00e9riode.\nMaintenant nous revenons \u00e0 des publications plus espac\u00e9es. <\/p>\n\n\n\n<p>Faites\nbien attention \u00e0 vous et aux v\u00f4tres, appliquez les gestes barri\u00e8res en\nattendant la venue du vaccin<\/p>\n\n\n\n<p>L\u2019\u00e9quipe OffiSant\u00e9\u00a0<\/p>\n\n\n\n<p><\/p>\n\n\n\n<figure class=\"wp-block-image\"><img loading=\"lazy\" decoding=\"async\" width=\"1024\" height=\"397\" src=\"https:\/\/lepetitjournaldemapharmacie.fr\/wp-content\/uploads\/2020\/05\/location-mad-2-1-1024x397.png\" alt=\"\" class=\"wp-image-1633\" srcset=\"https:\/\/lepetitjournaldemapharmacie.fr\/wp-content\/uploads\/2020\/05\/location-mad-2-1-1024x397.png 1024w, https:\/\/lepetitjournaldemapharmacie.fr\/wp-content\/uploads\/2020\/05\/location-mad-2-1-300x116.png 300w, https:\/\/lepetitjournaldemapharmacie.fr\/wp-content\/uploads\/2020\/05\/location-mad-2-1-768x297.png 768w, https:\/\/lepetitjournaldemapharmacie.fr\/wp-content\/uploads\/2020\/05\/location-mad-2-1.png 1033w\" sizes=\"(max-width: 1024px) 100vw, 1024px\" \/><\/figure>\n","protected":false},"excerpt":{"rendered":"<p>Vous nous avez questionn\u00e9 pour avoir plus d\u2019informations sur le march\u00e9 de la MAD. La comparaison entre 2020 et 2019<\/p>\n","protected":false},"author":2,"featured_media":1632,"comment_status":"open","ping_status":"open","sticky":false,"template":"","format":"standard","meta":{"footnotes":""},"categories":[54,1],"tags":[],"acf":[],"rttpg_featured_image_url":{"full":["https:\/\/lepetitjournaldemapharmacie.fr\/wp-content\/uploads\/2020\/05\/location-mad-2.png",1033,400,false],"landscape":["https:\/\/lepetitjournaldemapharmacie.fr\/wp-content\/uploads\/2020\/05\/location-mad-2.png",1033,400,false],"portraits":["https:\/\/lepetitjournaldemapharmacie.fr\/wp-content\/uploads\/2020\/05\/location-mad-2.png",1033,400,false],"thumbnail":["https:\/\/lepetitjournaldemapharmacie.fr\/wp-content\/uploads\/2020\/05\/location-mad-2-150x150.png",150,150,true],"medium":["https:\/\/lepetitjournaldemapharmacie.fr\/wp-content\/uploads\/2020\/05\/location-mad-2-300x116.png",300,116,true],"large":["https:\/\/lepetitjournaldemapharmacie.fr\/wp-content\/uploads\/2020\/05\/location-mad-2-1024x397.png",910,353,true],"1536x1536":["https:\/\/lepetitjournaldemapharmacie.fr\/wp-content\/uploads\/2020\/05\/location-mad-2.png",1033,400,false],"2048x2048":["https:\/\/lepetitjournaldemapharmacie.fr\/wp-content\/uploads\/2020\/05\/location-mad-2.png",1033,400,false],"post-thumbnail":["https:\/\/lepetitjournaldemapharmacie.fr\/wp-content\/uploads\/2020\/05\/location-mad-2.png",1033,400,false],"donovan-list-post":["https:\/\/lepetitjournaldemapharmacie.fr\/wp-content\/uploads\/2020\/05\/location-mad-2-600x400.png",600,400,true]},"rttpg_author":{"display_name":"Le petit journal","author_link":"https:\/\/lepetitjournaldemapharmacie.fr\/index.php\/author\/petitgarage\/"},"rttpg_comment":0,"rttpg_category":"<a href=\"https:\/\/lepetitjournaldemapharmacie.fr\/index.php\/category\/etude\/\" rel=\"category tag\">\u00c9tude<\/a> <a href=\"https:\/\/lepetitjournaldemapharmacie.fr\/index.php\/category\/uncategorized\/\" rel=\"category tag\">Uncategorized<\/a>","rttpg_excerpt":"Vous nous avez questionn\u00e9 pour avoir plus d\u2019informations sur le march\u00e9 de la MAD. La comparaison entre 2020 et 2019","_links":{"self":[{"href":"https:\/\/lepetitjournaldemapharmacie.fr\/index.php\/wp-json\/wp\/v2\/posts\/1631"}],"collection":[{"href":"https:\/\/lepetitjournaldemapharmacie.fr\/index.php\/wp-json\/wp\/v2\/posts"}],"about":[{"href":"https:\/\/lepetitjournaldemapharmacie.fr\/index.php\/wp-json\/wp\/v2\/types\/post"}],"author":[{"embeddable":true,"href":"https:\/\/lepetitjournaldemapharmacie.fr\/index.php\/wp-json\/wp\/v2\/users\/2"}],"replies":[{"embeddable":true,"href":"https:\/\/lepetitjournaldemapharmacie.fr\/index.php\/wp-json\/wp\/v2\/comments?post=1631"}],"version-history":[{"count":1,"href":"https:\/\/lepetitjournaldemapharmacie.fr\/index.php\/wp-json\/wp\/v2\/posts\/1631\/revisions"}],"predecessor-version":[{"id":1634,"href":"https:\/\/lepetitjournaldemapharmacie.fr\/index.php\/wp-json\/wp\/v2\/posts\/1631\/revisions\/1634"}],"wp:featuredmedia":[{"embeddable":true,"href":"https:\/\/lepetitjournaldemapharmacie.fr\/index.php\/wp-json\/wp\/v2\/media\/1632"}],"wp:attachment":[{"href":"https:\/\/lepetitjournaldemapharmacie.fr\/index.php\/wp-json\/wp\/v2\/media?parent=1631"}],"wp:term":[{"taxonomy":"category","embeddable":true,"href":"https:\/\/lepetitjournaldemapharmacie.fr\/index.php\/wp-json\/wp\/v2\/categories?post=1631"},{"taxonomy":"post_tag","embeddable":true,"href":"https:\/\/lepetitjournaldemapharmacie.fr\/index.php\/wp-json\/wp\/v2\/tags?post=1631"}],"curies":[{"name":"wp","href":"https:\/\/api.w.org\/{rel}","templated":true}]}}