{"id":1824,"date":"2022-07-21T16:35:46","date_gmt":"2022-07-21T14:35:46","guid":{"rendered":"http:\/\/lepetitjournaldemapharmacie.fr\/?p=1824"},"modified":"2024-11-27T13:56:32","modified_gmt":"2024-11-27T12:56:32","slug":"corner-optique-en-officine","status":"publish","type":"post","link":"https:\/\/lepetitjournaldemapharmacie.fr\/index.php\/2022\/07\/21\/corner-optique-en-officine\/","title":{"rendered":"Corner optique en officine"},"content":{"rendered":"\n<p class=\"has-tertiary-color has-text-color\"><strong>Analyse et Etude de cas <\/strong><\/p>\n\n\n\n<p><strong>LES PHARMACIENS reprennent du service\u2026<\/strong><\/p>\n\n\n\n<p>Il aura fallu attendre plus de 70 ans pour retrouver (enfin) l\u2019optique dans les officines.<\/p>\n\n\n\n<p>Jusqu\u2019aux ann\u00e9es 50, les pharmacies \u00e9taient en charge de la sant\u00e9 visuelle des Fran\u00e7ais. Un acte consid\u00e9r\u00e9 exclusivement comme un dispositif m\u00e9dical.<\/p>\n\n\n\n<p>Aujourd\u2019hui, gr\u00e2ce \u00e0<strong> \u00ab&nbsp;la r\u00e9forme 100% sant\u00e9&nbsp;\u00bb <\/strong>et \u00e0 des concepts adapt\u00e9s, les pharmaciens aspirent \u00e0 se r\u00e9approprier la vente de montures et de verres optiques \u2026 un juste retour aux sources.<\/p>\n\n\n\n<p>Les sondages sont clairs, 42% des Fran\u00e7ais se disent pr\u00eats \u00e0 se procurer leurs lunettes en officines. La confiance est acquise&nbsp;; l\u2019opticien est jug\u00e9 trop int\u00e9ress\u00e9 par la rentabilit\u00e9. D\u2019ailleurs, les professionnels de l\u2019optique r\u00e9futent en bloc l\u2019offre 100% sant\u00e9, 100% rembours\u00e9 moins rentable que le march\u00e9 libre qui leur permet de facturer un reste \u00e0 charge presque syst\u00e9matiquement aux utilisateurs.<\/p>\n\n\n\n<p>Rappelons que tous les Fran\u00e7ais ont droit au reste \u00e0 charge z\u00e9ro&nbsp;; encore faut-il que l\u2019offre soit s\u00e9duisante&nbsp;!<\/p>\n\n\n\n<p>Les magasins d\u2019optique proposent une offre r\u00e9duite de 54 montures (le minimum impos\u00e9 par la loi) avec des mod\u00e8les d\u00e9pass\u00e9s pour contraindre le client \u00e0 basculer vers les produits payants.<\/p>\n\n\n\n<p><\/p>\n\n\n\n<p><strong>Optimiser et rentabiliser les m\u00e8tres lin\u00e9aires de l\u2019officine<\/strong><\/p>\n\n\n\n<p>En France, il se vend pr\u00e8s de 36&nbsp;000 paires de lunettes de vue chaque jour et 14&nbsp;000 paires de lunettes de soleil par jour. Au total il se vend donc environ 18,5 millions de paires de lunettes par an. Ce march\u00e9 repr\u00e9sente un chiffre d\u2019affaires d\u2019environ 6,5 milliards d\u2019euros. <em>Source :&nbsp;Opticienparconviction.fr<\/em><\/p>\n\n\n\n<p>Selon le sondage Asnav 2021, au sortir de la crise sanitaire, 8 Fran\u00e7ais sur 10 portent des lunettes (82%) dont 1 sur 2 de fa\u00e7on permanente (<strong>55%<\/strong>).<\/p>\n\n\n\n<p><br>L\u2019implantation d\u2019un corner optique au sein d\u2019une pharmacie est un important relai de croissance. Un moyen pour les pharmacies de se d\u00e9marquer et de fid\u00e9liser une nouvelle client\u00e8le.<\/p>\n\n\n\n<p>Une partie froide de l\u2019officine (faible marge, produits p\u00e9rim\u00e9s\u2026) remplac\u00e9e par un corner \u00ab&nbsp;optique conseils&nbsp;\u00bb dont la marge brute est de 68% minimum devient une \u00e9vidence pour tous les titulaires qui souhaitent se diversifier sans se disperser.<\/p>\n\n\n\n<p>La rentabilit\u00e9 estim\u00e9e est sup\u00e9rieure \u00e0 14000 euros le m\u00e8tre carr\u00e9 par an..<\/p>\n\n\n\n<h2 class=\"wp-block-heading\">Etude de cas : l&rsquo;exemple de ZEROPTICAL<\/h2>\n\n\n\n<figure class=\"wp-block-image size-full is-resized\"><img loading=\"lazy\" decoding=\"async\" src=\"https:\/\/lepetitjournaldemapharmacie.fr\/wp-content\/uploads\/2022\/07\/IMG_20691-1.jpg\" alt=\"\" class=\"wp-image-1827\" width=\"399\" height=\"384\" srcset=\"https:\/\/lepetitjournaldemapharmacie.fr\/wp-content\/uploads\/2022\/07\/IMG_20691-1.jpg 721w, https:\/\/lepetitjournaldemapharmacie.fr\/wp-content\/uploads\/2022\/07\/IMG_20691-1-300x289.jpg 300w\" sizes=\"(max-width: 399px) 100vw, 399px\" \/><\/figure>\n\n\n\n<p>ZEROPTICAL a mis au point le seul corner optique modulable adapt\u00e9 au monde de la pharmacie&nbsp;:<\/p>\n\n\n\n<p>5 pr\u00e9sentoirs r\u00e9versibles s\u00e9curis\u00e9s accueillants 540 montures (le plus grand choix jamais propos\u00e9 en si peu d\u2019espace), un comptoir\/atelier totalement \u00e9quip\u00e9 pour v\u00e9rifier, contr\u00f4ler, adapter la vue de chacun et une table de vente compl\u00e8te. Il n\u2019y a pas de surprise, tout est compris dans le \u00ab&nbsp;pack ouverture&nbsp;\u00bb et la rentabilit\u00e9 est au rendez-vous d\u00e8s les premiers mois.<\/p>\n\n\n\n<p>Sur un espace r\u00e9duit, le corner ZEROPTICAL assure un service digne des grandes enseignes&nbsp;et le recrutement de l\u2019opticien dipl\u00f4m\u00e9 est garanti.<\/p>\n\n\n\n<p>La pharmacie est un commerce de conseil et de service incontournable aupr\u00e8s des consommateurs, qui b\u00e9n\u00e9ficie chaque jour de forte affluence. De vrais atouts pour relever le d\u00e9fi de la commercialisation d\u2019\u00e9quipements optiques.<\/p>\n\n\n\n<p>Avec ZEROPTICAL comme partenaire, devenez le r\u00e9f\u00e9rent 100% Sant\u00e9 en optique qui redonne du pouvoir d\u2019achat&nbsp;; vous pouvez r\u00e9cup\u00e9rer ce march\u00e9 perdu, il est temps de reprendre la main.<\/p>\n\n\n\n<p><\/p>\n\n\n\n<p>Retrouvez toutes les informations sur<a href=\"https:\/\/zeroptical.com\"> le site de ZEROPTICAL<\/a><\/p>\n\n\n\n<p><\/p>\n","protected":false},"excerpt":{"rendered":"<p>LES PHARMACIENS reprennent du service\u2026 Il aura fallu attendre plus de 70 ans pour retrouver (enfin) l\u2019optique dans les officines. Jusqu\u2019aux ann\u00e9es 50, les pharmacies \u00e9taient en charge de<\/p>\n","protected":false},"author":2,"featured_media":1837,"comment_status":"closed","ping_status":"open","sticky":false,"template":"","format":"standard","meta":{"footnotes":""},"categories":[430],"tags":[],"acf":[],"rttpg_featured_image_url":{"full":["https:\/\/lepetitjournaldemapharmacie.fr\/wp-content\/uploads\/2022\/07\/OPTIQUE_HEADER_35.webp",700,245,false],"landscape":["https:\/\/lepetitjournaldemapharmacie.fr\/wp-content\/uploads\/2022\/07\/OPTIQUE_HEADER_35.webp",700,245,false],"portraits":["https:\/\/lepetitjournaldemapharmacie.fr\/wp-content\/uploads\/2022\/07\/OPTIQUE_HEADER_35.webp",700,245,false],"thumbnail":["https:\/\/lepetitjournaldemapharmacie.fr\/wp-content\/uploads\/2022\/07\/OPTIQUE_HEADER_35.webp",150,53,false],"medium":["https:\/\/lepetitjournaldemapharmacie.fr\/wp-content\/uploads\/2022\/07\/OPTIQUE_HEADER_35.webp",300,105,false],"large":["https:\/\/lepetitjournaldemapharmacie.fr\/wp-content\/uploads\/2022\/07\/OPTIQUE_HEADER_35.webp",700,245,false],"1536x1536":["https:\/\/lepetitjournaldemapharmacie.fr\/wp-content\/uploads\/2022\/07\/OPTIQUE_HEADER_35.webp",700,245,false],"2048x2048":["https:\/\/lepetitjournaldemapharmacie.fr\/wp-content\/uploads\/2022\/07\/OPTIQUE_HEADER_35.webp",700,245,false],"post-thumbnail":["https:\/\/lepetitjournaldemapharmacie.fr\/wp-content\/uploads\/2022\/07\/OPTIQUE_HEADER_35.webp",700,245,false],"donovan-list-post":["https:\/\/lepetitjournaldemapharmacie.fr\/wp-content\/uploads\/2022\/07\/OPTIQUE_HEADER_35.webp",600,210,false]},"rttpg_author":{"display_name":"Le petit journal","author_link":"https:\/\/lepetitjournaldemapharmacie.fr\/index.php\/author\/petitgarage\/"},"rttpg_comment":0,"rttpg_category":"<a href=\"https:\/\/lepetitjournaldemapharmacie.fr\/index.php\/category\/optique\/\" rel=\"category tag\">optique<\/a>","rttpg_excerpt":"LES PHARMACIENS reprennent du service\u2026 Il aura fallu attendre plus de 70 ans pour retrouver (enfin) l\u2019optique dans les officines. Jusqu\u2019aux ann\u00e9es 50, les pharmacies \u00e9taient en charge de","_links":{"self":[{"href":"https:\/\/lepetitjournaldemapharmacie.fr\/index.php\/wp-json\/wp\/v2\/posts\/1824"}],"collection":[{"href":"https:\/\/lepetitjournaldemapharmacie.fr\/index.php\/wp-json\/wp\/v2\/posts"}],"about":[{"href":"https:\/\/lepetitjournaldemapharmacie.fr\/index.php\/wp-json\/wp\/v2\/types\/post"}],"author":[{"embeddable":true,"href":"https:\/\/lepetitjournaldemapharmacie.fr\/index.php\/wp-json\/wp\/v2\/users\/2"}],"replies":[{"embeddable":true,"href":"https:\/\/lepetitjournaldemapharmacie.fr\/index.php\/wp-json\/wp\/v2\/comments?post=1824"}],"version-history":[{"count":12,"href":"https:\/\/lepetitjournaldemapharmacie.fr\/index.php\/wp-json\/wp\/v2\/posts\/1824\/revisions"}],"predecessor-version":[{"id":1917,"href":"https:\/\/lepetitjournaldemapharmacie.fr\/index.php\/wp-json\/wp\/v2\/posts\/1824\/revisions\/1917"}],"wp:featuredmedia":[{"embeddable":true,"href":"https:\/\/lepetitjournaldemapharmacie.fr\/index.php\/wp-json\/wp\/v2\/media\/1837"}],"wp:attachment":[{"href":"https:\/\/lepetitjournaldemapharmacie.fr\/index.php\/wp-json\/wp\/v2\/media?parent=1824"}],"wp:term":[{"taxonomy":"category","embeddable":true,"href":"https:\/\/lepetitjournaldemapharmacie.fr\/index.php\/wp-json\/wp\/v2\/categories?post=1824"},{"taxonomy":"post_tag","embeddable":true,"href":"https:\/\/lepetitjournaldemapharmacie.fr\/index.php\/wp-json\/wp\/v2\/tags?post=1824"}],"curies":[{"name":"wp","href":"https:\/\/api.w.org\/{rel}","templated":true}]}}