{"id":2206,"date":"2026-03-11T18:09:42","date_gmt":"2026-03-11T17:09:42","guid":{"rendered":"https:\/\/lepetitjournaldemapharmacie.fr\/?p=2206"},"modified":"2026-03-11T18:09:43","modified_gmt":"2026-03-11T17:09:43","slug":"panier-moyen-apres-le-rebond-post-covid-lheure-de-lajustement","status":"publish","type":"post","link":"https:\/\/lepetitjournaldemapharmacie.fr\/index.php\/2026\/03\/11\/panier-moyen-apres-le-rebond-post-covid-lheure-de-lajustement\/","title":{"rendered":"Panier moyen : apr\u00e8s le rebond post-Covid, l\u2019heure de l\u2019ajustement"},"content":{"rendered":"\n<p><strong>Apr\u00e8s l<\/strong>\u2019<strong>embellie post-Covid, le panier moyen en officine entre dans une phase de normalisation en 2025. La dynamique observ\u00e9e en 2023 et 2024 s<\/strong>\u2019<strong>essouffle, sous l<\/strong>\u2019<strong>effet conjugu\u00e9 des baisses de prix des m\u00e9dicaments, de la d\u00e9prescription et d<\/strong>\u2019<strong>un contexte de consommation plus contraint. Ordonnance comme autom\u00e9dication reculent en valeur, poussant les pharmaciens \u00e0 repenser leurs leviers de croissance \u2014 notamment \u00e0 travers le d\u00e9veloppement des services de sant\u00e9 et de pr\u00e9vention.<\/strong><\/p>\n\n\n\n<p>Apr\u00e8s la forte dynamique observ\u00e9e en 2023 et 2024, l\u2019ann\u00e9e 2025 marque un infl\u00e9chissement du panier moyen dans les pharmacies fran\u00e7aises. Celui-ci s\u2019\u00e9tablit d\u00e9sormais \u00e0 40,80 \u20ac HT, contre 44,40 \u20ac HT en 2023, confirmant un mouvement de normalisation apr\u00e8s les ann\u00e9es atypiques li\u00e9es \u00e0 la crise sanitaire et \u00e0 ses effets sur la fr\u00e9quentation officinale.<\/p>\n\n\n\n<p><strong>Le recul du panier ordonnance<\/strong><\/p>\n\n\n\n<p><a href=\"https:\/\/lepetitjournaldemapharmacie.fr\/index.php\/2026\/02\/11\/evolution-des-paniers-clients-en-pharmacie-point-2025\/\">Le panier moyen sur ordonnance<\/a> suit la m\u00eame tendance. Il atteint 58,30 \u20ac, contre 63,04 \u20ac en 2023. Plusieurs facteurs peuvent expliquer cette baisse. D\u2019une part, les nombreuses diminutions tarifaires sur les m\u00e9dicaments p\u00e8sent m\u00e9caniquement sur le montant moyen des d\u00e9livrances. D\u2019autre part, la tendance g\u00e9n\u00e9rale \u00e0 la d\u00e9prescription contribue \u00e9galement \u00e0 r\u00e9duire la valeur moyenne des ordonnances.<\/p>\n\n\n\n<p><strong>L<\/strong>\u2019<strong>autom\u00e9dication sous pression<\/strong><\/p>\n\n\n\n<p>Le segment hors ordonnance est lui aussi orient\u00e9 \u00e0 la baisse. Le panier moyen est pass\u00e9 de 15,12 \u20ac en 2023 \u00e0 13,89 \u20ac en 2025. Cette \u00e9volution traduit des difficult\u00e9s sur le march\u00e9 de l\u2019autom\u00e9dication, possiblement li\u00e9es \u00e0 un contexte de pouvoir d\u2019achat contraint et \u00e0 une pression accrue sur les prix, notamment en parapharmacie et sur les compl\u00e9ments alimentaires, m\u00eame si ces deux derniers segments se portent bien en volume gr\u00e2ce \u00e0 l\u2019innovation.<\/p>\n\n\n\n<p><strong>Les services comme levier de rebond<\/strong><\/p>\n\n\n\n<p>Dans ce contexte, les services officinaux pourraient devenir un moteur de revalorisation du panier moyen par acte. L\u2019int\u00e9gration d\u2019activit\u00e9s telles que la vaccination, les tests rapides d\u2019orientation diagnostique (angine, cystite) ou encore les entretiens femme enceinte et la t\u00e9l\u00e9consultation laisse esp\u00e9rer un impact positif d\u00e8s 2026. Ces prestations, en renfor\u00e7ant le r\u00f4le clinique du pharmacien et le temps d\u2019\u00e9change avec le patient, pourraient contribuer \u00e0 soutenir la valeur globale de chaque passage au comptoir.<\/p>\n\n\n\n<p><strong>Source Offisant\u00e9 : <\/strong><a href=\"https:\/\/lepetitjournaldemapharmacie.fr\/index.php\/2026\/02\/11\/evolution-des-paniers-clients-en-pharmacie-point-2025\/\">https:\/\/lepetitjournaldemapharmacie.fr\/index.php\/2026\/02\/11\/evolution-des-paniers-clients-en-pharmacie-point-2025\/<\/a><\/p>\n","protected":false},"excerpt":{"rendered":"<p>Apr\u00e8s l\u2019embellie post-Covid, le panier moyen en officine entre dans une phase de normalisation en 2025. La dynamique observ\u00e9e en<\/p>\n","protected":false},"author":14,"featured_media":2210,"comment_status":"open","ping_status":"open","sticky":false,"template":"","format":"standard","meta":{"footnotes":""},"categories":[1],"tags":[],"acf":[],"rttpg_featured_image_url":{"full":["https:\/\/lepetitjournaldemapharmacie.fr\/wp-content\/uploads\/2026\/03\/Baisse-du-panier-moyen-a-l-officine-.png",1894,874,false],"landscape":["https:\/\/lepetitjournaldemapharmacie.fr\/wp-content\/uploads\/2026\/03\/Baisse-du-panier-moyen-a-l-officine-.png",1894,874,false],"portraits":["https:\/\/lepetitjournaldemapharmacie.fr\/wp-content\/uploads\/2026\/03\/Baisse-du-panier-moyen-a-l-officine-.png",1894,874,false],"thumbnail":["https:\/\/lepetitjournaldemapharmacie.fr\/wp-content\/uploads\/2026\/03\/Baisse-du-panier-moyen-a-l-officine--150x150.png",150,150,true],"medium":["https:\/\/lepetitjournaldemapharmacie.fr\/wp-content\/uploads\/2026\/03\/Baisse-du-panier-moyen-a-l-officine--300x138.png",300,138,true],"large":["https:\/\/lepetitjournaldemapharmacie.fr\/wp-content\/uploads\/2026\/03\/Baisse-du-panier-moyen-a-l-officine--1024x473.png",910,420,true],"1536x1536":["https:\/\/lepetitjournaldemapharmacie.fr\/wp-content\/uploads\/2026\/03\/Baisse-du-panier-moyen-a-l-officine--1536x709.png",1536,709,true],"2048x2048":["https:\/\/lepetitjournaldemapharmacie.fr\/wp-content\/uploads\/2026\/03\/Baisse-du-panier-moyen-a-l-officine-.png",1894,874,false],"post-thumbnail":["https:\/\/lepetitjournaldemapharmacie.fr\/wp-content\/uploads\/2026\/03\/Baisse-du-panier-moyen-a-l-officine--1360x765.png",1360,765,true],"donovan-list-post":["https:\/\/lepetitjournaldemapharmacie.fr\/wp-content\/uploads\/2026\/03\/Baisse-du-panier-moyen-a-l-officine--600x450.png",600,450,true]},"rttpg_author":{"display_name":"Audrey CHAUSSALET","author_link":"https:\/\/lepetitjournaldemapharmacie.fr\/index.php\/author\/achaussaletyahoo-fr\/"},"rttpg_comment":0,"rttpg_category":"<a href=\"https:\/\/lepetitjournaldemapharmacie.fr\/index.php\/category\/uncategorized\/\" rel=\"category tag\">Uncategorized<\/a>","rttpg_excerpt":"Apr\u00e8s l\u2019embellie post-Covid, le panier moyen en officine entre dans une phase de normalisation en 2025. La dynamique observ\u00e9e en","_links":{"self":[{"href":"https:\/\/lepetitjournaldemapharmacie.fr\/index.php\/wp-json\/wp\/v2\/posts\/2206"}],"collection":[{"href":"https:\/\/lepetitjournaldemapharmacie.fr\/index.php\/wp-json\/wp\/v2\/posts"}],"about":[{"href":"https:\/\/lepetitjournaldemapharmacie.fr\/index.php\/wp-json\/wp\/v2\/types\/post"}],"author":[{"embeddable":true,"href":"https:\/\/lepetitjournaldemapharmacie.fr\/index.php\/wp-json\/wp\/v2\/users\/14"}],"replies":[{"embeddable":true,"href":"https:\/\/lepetitjournaldemapharmacie.fr\/index.php\/wp-json\/wp\/v2\/comments?post=2206"}],"version-history":[{"count":3,"href":"https:\/\/lepetitjournaldemapharmacie.fr\/index.php\/wp-json\/wp\/v2\/posts\/2206\/revisions"}],"predecessor-version":[{"id":2229,"href":"https:\/\/lepetitjournaldemapharmacie.fr\/index.php\/wp-json\/wp\/v2\/posts\/2206\/revisions\/2229"}],"wp:featuredmedia":[{"embeddable":true,"href":"https:\/\/lepetitjournaldemapharmacie.fr\/index.php\/wp-json\/wp\/v2\/media\/2210"}],"wp:attachment":[{"href":"https:\/\/lepetitjournaldemapharmacie.fr\/index.php\/wp-json\/wp\/v2\/media?parent=2206"}],"wp:term":[{"taxonomy":"category","embeddable":true,"href":"https:\/\/lepetitjournaldemapharmacie.fr\/index.php\/wp-json\/wp\/v2\/categories?post=2206"},{"taxonomy":"post_tag","embeddable":true,"href":"https:\/\/lepetitjournaldemapharmacie.fr\/index.php\/wp-json\/wp\/v2\/tags?post=2206"}],"curies":[{"name":"wp","href":"https:\/\/api.w.org\/{rel}","templated":true}]}}