{"id":2227,"date":"2026-03-12T13:42:03","date_gmt":"2026-03-12T12:42:03","guid":{"rendered":"https:\/\/lepetitjournaldemapharmacie.fr\/?p=2227"},"modified":"2026-03-12T15:26:43","modified_gmt":"2026-03-12T14:26:43","slug":"edito","status":"publish","type":"post","link":"https:\/\/lepetitjournaldemapharmacie.fr\/index.php\/2026\/03\/12\/edito\/","title":{"rendered":"\u00c9dito\u00a0"},"content":{"rendered":"\n<p>Le monde de l\u2019officine vit une transformation profonde. Pendant des d\u00e9cennies, son mod\u00e8le \u00e9conomique s\u2019est construit autour du volume de m\u00e9dicaments dispens\u00e9s. Mais ce mod\u00e8le \u00e9volue. Aujourd\u2019hui, la pharmacie doit aussi compter sur ses nouvelles missions et ses services de sant\u00e9 pour assurer sa p\u00e9rennit\u00e9.<\/p>\n\n\n\n<p>Vaccination, d\u00e9pistage, accompagnement des patients, entretiens pharmaceutiques, t\u00e9l\u00e9consultation\u2026 Ces activit\u00e9s dessinent peu \u00e0 peu un nouveau visage de l\u2019officine, davantage ancr\u00e9 dans le premier recours et la pr\u00e9vention. L\u2019enjeu est majeur : s\u00e9curiser l\u2019\u00e9conomie de la pharmacie tout en pr\u00e9servant le maillage territorial qui fait la force du r\u00e9seau officinal fran\u00e7ais.<\/p>\n\n\n\n<p>C\u2019est pr\u00e9cis\u00e9ment pour \u00e9clairer ces enjeux que <a href=\"https:\/\/lepetitjournaldemapharmacie.fr\/\">Le Petit Journal de ma Pharmacie by Offisant\u00e9 <\/a>se renforce d\u2019un nouveau contenu \u00e9ditorial. Notre ambition est simple : mettre la data au service de la compr\u00e9hension du march\u00e9 officinal. Parce que derri\u00e8re chaque \u00e9volution \u00e9conomique, chaque tendance de consommation ou chaque transformation r\u00e9glementaire, il y a des chiffres, des signaux faibles et des opportunit\u00e9s \u00e0 d\u00e9crypter.<\/p>\n\n\n\n<p>\u00c0 l\u2019occasion du salon <a href=\"https:\/\/www.pharmagoraplus.com\/pourquoi-visiter?utm_source=Google&amp;utm_medium=PPC&amp;utm_campaign=Brand&amp;utm_term=pharmagoraplus&amp;utm_campaign=PGP26+%7C+FR+%7C+S+%7C+B&amp;utm_source=adwords&amp;utm_medium=ppc&amp;hsa_acc=9532109190&amp;hsa_cam=23358524593&amp;hsa_grp=188371673645&amp;hsa_ad=787869199575&amp;hsa_src=g&amp;hsa_tgt=kwd-726744984615&amp;hsa_kw=pharmagoraplus&amp;hsa_mt=e&amp;hsa_net=adwords&amp;hsa_ver=3&amp;gad_source=1&amp;gad_campaignid=23358524593&amp;gbraid=0AAAAAoZEvgdpM8pS3_jxvyBx7k-9g28YS&amp;gclid=CjwKCAjwyMnNBhBNEiwA-Kcgu7vjddGSINhce-OiwAYVgmEzipV8hlu0ueocUyARVL-zmODiqfBcfBoChn4QAvD_BwE\">PharmagoraPlus<\/a>, o\u00f9 la profession se retrouve pour \u00e9changer, partager ses exp\u00e9riences et imaginer l\u2019officine de demain, nous vous proposons d\u2019accompagner ces r\u00e9flexions avec des analyses, des d\u00e9cryptages et des donn\u00e9es cl\u00e9s.<\/p>\n\n\n\n<p>Offisant\u00e9, sp\u00e9cialiste de la data pour l\u2019officine, vous attend d\u2019ailleurs sur son stand K 86.<\/p>\n\n\n\n<p>Avec <a href=\"https:\/\/lepetitjournaldemapharmacie.fr\/\">Le Petit Journal de ma Pharmacie by Offisant\u00e9<\/a>, nous souhaitons ouvrir un nouvel espace d\u2019information : un m\u00e9dia pour comprendre les transformations en cours, identifier les opportunit\u00e9s et nourrir la r\u00e9flexion collective sur l\u2019avenir de l\u2019officine.<\/p>\n\n\n\n<p>Bienvenue dans cette nouvelle aventure \u00e9ditoriale.<\/p>\n","protected":false},"excerpt":{"rendered":"<p>Le monde de l\u2019officine vit une transformation profonde. Pendant des d\u00e9cennies, son mod\u00e8le \u00e9conomique s\u2019est construit autour du volume de<\/p>\n","protected":false},"author":14,"featured_media":2239,"comment_status":"open","ping_status":"open","sticky":false,"template":"","format":"standard","meta":{"footnotes":""},"categories":[1],"tags":[],"acf":[],"rttpg_featured_image_url":{"full":["https:\/\/lepetitjournaldemapharmacie.fr\/wp-content\/uploads\/2026\/03\/istockphoto-473290504-1024x1024-1.jpg",1024,613,false],"landscape":["https:\/\/lepetitjournaldemapharmacie.fr\/wp-content\/uploads\/2026\/03\/istockphoto-473290504-1024x1024-1.jpg",1024,613,false],"portraits":["https:\/\/lepetitjournaldemapharmacie.fr\/wp-content\/uploads\/2026\/03\/istockphoto-473290504-1024x1024-1.jpg",1024,613,false],"thumbnail":["https:\/\/lepetitjournaldemapharmacie.fr\/wp-content\/uploads\/2026\/03\/istockphoto-473290504-1024x1024-1-150x150.jpg",150,150,true],"medium":["https:\/\/lepetitjournaldemapharmacie.fr\/wp-content\/uploads\/2026\/03\/istockphoto-473290504-1024x1024-1-300x180.jpg",300,180,true],"large":["https:\/\/lepetitjournaldemapharmacie.fr\/wp-content\/uploads\/2026\/03\/istockphoto-473290504-1024x1024-1.jpg",910,545,false],"1536x1536":["https:\/\/lepetitjournaldemapharmacie.fr\/wp-content\/uploads\/2026\/03\/istockphoto-473290504-1024x1024-1.jpg",1024,613,false],"2048x2048":["https:\/\/lepetitjournaldemapharmacie.fr\/wp-content\/uploads\/2026\/03\/istockphoto-473290504-1024x1024-1.jpg",1024,613,false],"post-thumbnail":["https:\/\/lepetitjournaldemapharmacie.fr\/wp-content\/uploads\/2026\/03\/istockphoto-473290504-1024x1024-1.jpg",1024,613,false],"donovan-list-post":["https:\/\/lepetitjournaldemapharmacie.fr\/wp-content\/uploads\/2026\/03\/istockphoto-473290504-1024x1024-1-600x450.jpg",600,450,true]},"rttpg_author":{"display_name":"Audrey CHAUSSALET","author_link":"https:\/\/lepetitjournaldemapharmacie.fr\/index.php\/author\/achaussaletyahoo-fr\/"},"rttpg_comment":1,"rttpg_category":"<a href=\"https:\/\/lepetitjournaldemapharmacie.fr\/index.php\/category\/uncategorized\/\" rel=\"category tag\">Uncategorized<\/a>","rttpg_excerpt":"Le monde de l\u2019officine vit une transformation profonde. Pendant des d\u00e9cennies, son mod\u00e8le \u00e9conomique s\u2019est construit autour du volume de","_links":{"self":[{"href":"https:\/\/lepetitjournaldemapharmacie.fr\/index.php\/wp-json\/wp\/v2\/posts\/2227"}],"collection":[{"href":"https:\/\/lepetitjournaldemapharmacie.fr\/index.php\/wp-json\/wp\/v2\/posts"}],"about":[{"href":"https:\/\/lepetitjournaldemapharmacie.fr\/index.php\/wp-json\/wp\/v2\/types\/post"}],"author":[{"embeddable":true,"href":"https:\/\/lepetitjournaldemapharmacie.fr\/index.php\/wp-json\/wp\/v2\/users\/14"}],"replies":[{"embeddable":true,"href":"https:\/\/lepetitjournaldemapharmacie.fr\/index.php\/wp-json\/wp\/v2\/comments?post=2227"}],"version-history":[{"count":3,"href":"https:\/\/lepetitjournaldemapharmacie.fr\/index.php\/wp-json\/wp\/v2\/posts\/2227\/revisions"}],"predecessor-version":[{"id":2241,"href":"https:\/\/lepetitjournaldemapharmacie.fr\/index.php\/wp-json\/wp\/v2\/posts\/2227\/revisions\/2241"}],"wp:featuredmedia":[{"embeddable":true,"href":"https:\/\/lepetitjournaldemapharmacie.fr\/index.php\/wp-json\/wp\/v2\/media\/2239"}],"wp:attachment":[{"href":"https:\/\/lepetitjournaldemapharmacie.fr\/index.php\/wp-json\/wp\/v2\/media?parent=2227"}],"wp:term":[{"taxonomy":"category","embeddable":true,"href":"https:\/\/lepetitjournaldemapharmacie.fr\/index.php\/wp-json\/wp\/v2\/categories?post=2227"},{"taxonomy":"post_tag","embeddable":true,"href":"https:\/\/lepetitjournaldemapharmacie.fr\/index.php\/wp-json\/wp\/v2\/tags?post=2227"}],"curies":[{"name":"wp","href":"https:\/\/api.w.org\/{rel}","templated":true}]}}